{"id":3387,"date":"2021-11-03T07:05:19","date_gmt":"2021-11-03T07:05:19","guid":{"rendered":"https:\/\/sgl-online.ch\/25-maerz-2022-tagung-und-mitgliederversammlung\/"},"modified":"2021-11-04T01:08:12","modified_gmt":"2021-11-04T01:08:12","slug":"25-maerz-2022-tagung-und-mitgliederversammlung","status":"publish","type":"post","link":"https:\/\/sgl-online.ch\/it\/25-maerz-2022-tagung-und-mitgliederversammlung\/","title":{"rendered":"25. M\u00e4rz 2022, Tagung und Mitgliederversammlung"},"content":{"rendered":"<div class=\"fusion-fullwidth fullwidth-box fusion-builder-row-1 fusion-flex-container nonhundred-percent-fullwidth non-hundred-percent-height-scrolling\" style=\"--awb-border-radius-top-left:0px;--awb-border-radius-top-right:0px;--awb-border-radius-bottom-right:0px;--awb-border-radius-bottom-left:0px;--awb-padding-right:0px;--awb-padding-left:0px;--awb-flex-wrap:wrap;\" ><div class=\"fusion-builder-row fusion-row fusion-flex-align-items-flex-start fusion-flex-content-wrap\" style=\"max-width:1248px;margin-left: calc(-4% \/ 2 );margin-right: calc(-4% \/ 2 );\"><div class=\"fusion-layout-column fusion_builder_column fusion-builder-column-0 fusion_builder_column_1_1 1_1 fusion-flex-column\" style=\"--awb-bg-size:cover;--awb-width-large:100%;--awb-margin-top-large:0px;--awb-spacing-right-large:1.92%;--awb-margin-bottom-large:0px;--awb-spacing-left-large:1.92%;--awb-width-medium:100%;--awb-spacing-right-medium:1.92%;--awb-spacing-left-medium:1.92%;--awb-width-small:100%;--awb-spacing-right-small:1.92%;--awb-spacing-left-small:1.92%;\"><div class=\"fusion-column-wrapper fusion-flex-justify-content-flex-start fusion-content-layout-column\"><div class=\"fusion-text fusion-text-1\" style=\"--awb-text-transform:none;\"><p><b>Traum: PH-Dozent*in \/ R\u00eave : Prof \u00e0 l\u00e0 HEP<\/b><\/p>\n<p>\u00abOder vielleicht irgendwann selber ein Dozent an der PH oder so w\u00e4re f\u00fcr mich so das H\u00f6chste der Gef\u00fchle, das w\u00e4re der Traum.\u00bb<\/p>\n<p>Berufsbiografien, Laufbahnen und Kompetenzprofile: Wege in die Lehrerinnen- und Lehrerbildung \/ Biographies professionnelles, carri\u00e8res et profils de comp\u00e9tences : Parcours de formation des enseignantes et enseignants<\/p>\n<\/div><\/div><\/div><\/div><\/div>\n","protected":false},"excerpt":{"rendered":"","protected":false},"author":2,"featured_media":3666,"comment_status":"open","ping_status":"open","sticky":false,"template":"","format":"standard","meta":{"_acf_changed":false,"footnotes":""},"categories":[112,111],"tags":[],"ppma_author":[159],"class_list":["post-3387","post","type-post","status-publish","format-standard","has-post-thumbnail","hentry","category-aktuelles-it","category-featured-it"],"acf":[],"yoast_head":"<!-- This site is optimized with the Yoast SEO plugin v27.4 - https:\/\/yoast.com\/product\/yoast-seo-wordpress\/ -->\n<title>25. M\u00e4rz 2022, Tagung und Mitgliederversammlung - SGL<\/title>\n<meta name=\"robots\" content=\"index, follow, max-snippet:-1, max-image-preview:large, max-video-preview:-1\" \/>\n<link rel=\"canonical\" href=\"https:\/\/sgl-online.ch\/it\/25-maerz-2022-tagung-und-mitgliederversammlung\/\" \/>\n<meta property=\"og:locale\" content=\"it_IT\" \/>\n<meta property=\"og:type\" content=\"article\" \/>\n<meta property=\"og:title\" content=\"25. M\u00e4rz 2022, Tagung und Mitgliederversammlung - SGL\" \/>\n<meta property=\"og:url\" content=\"https:\/\/sgl-online.ch\/it\/25-maerz-2022-tagung-und-mitgliederversammlung\/\" \/>\n<meta property=\"og:site_name\" content=\"SGL\" \/>\n<meta property=\"article:published_time\" content=\"2021-11-03T07:05:19+00:00\" \/>\n<meta property=\"article:modified_time\" content=\"2021-11-04T01:08:12+00:00\" \/>\n<meta property=\"og:image\" content=\"https:\/\/sgl-online.ch\/wp-content\/uploads\/2021\/09\/istockphoto-1166777810-1024x1024-1.jpg\" \/>\n\t<meta property=\"og:image:width\" content=\"1620\" \/>\n\t<meta property=\"og:image:height\" content=\"1080\" \/>\n\t<meta property=\"og:image:type\" content=\"image\/jpeg\" \/>\n<meta name=\"author\" content=\"SGL\" \/>\n<meta name=\"twitter:card\" content=\"summary_large_image\" \/>\n<meta name=\"twitter:label1\" content=\"Scritto da\" \/>\n\t<meta name=\"twitter:data1\" content=\"SGL\" \/>\n\t<meta name=\"twitter:label2\" content=\"Tempo di lettura stimato\" \/>\n\t<meta name=\"twitter:data2\" content=\"1 minuto\" \/>\n<script type=\"application\/ld+json\" class=\"yoast-schema-graph\">{\"@context\":\"https:\\\/\\\/schema.org\",\"@graph\":[{\"@type\":\"Article\",\"@id\":\"https:\\\/\\\/sgl-online.ch\\\/it\\\/25-maerz-2022-tagung-und-mitgliederversammlung\\\/#article\",\"isPartOf\":{\"@id\":\"https:\\\/\\\/sgl-online.ch\\\/it\\\/25-maerz-2022-tagung-und-mitgliederversammlung\\\/\"},\"author\":{\"name\":\"SGL\",\"@id\":\"https:\\\/\\\/sgl-online.ch\\\/it\\\/#\\\/schema\\\/person\\\/b3c75981a941d68cb9e7bf05cc70ddf6\"},\"headline\":\"25. M\u00e4rz 2022, Tagung und Mitgliederversammlung\",\"datePublished\":\"2021-11-03T07:05:19+00:00\",\"dateModified\":\"2021-11-04T01:08:12+00:00\",\"mainEntityOfPage\":{\"@id\":\"https:\\\/\\\/sgl-online.ch\\\/it\\\/25-maerz-2022-tagung-und-mitgliederversammlung\\\/\"},\"wordCount\":284,\"commentCount\":0,\"publisher\":{\"@id\":\"https:\\\/\\\/sgl-online.ch\\\/it\\\/#organization\"},\"image\":{\"@id\":\"https:\\\/\\\/sgl-online.ch\\\/it\\\/25-maerz-2022-tagung-und-mitgliederversammlung\\\/#primaryimage\"},\"thumbnailUrl\":\"https:\\\/\\\/sgl-online.ch\\\/wp-content\\\/uploads\\\/2021\\\/09\\\/istockphoto-1166777810-1024x1024-1.jpg\",\"articleSection\":[\"Aktuelles\",\"Featured\"],\"inLanguage\":\"it-IT\",\"potentialAction\":[{\"@type\":\"CommentAction\",\"name\":\"Comment\",\"target\":[\"https:\\\/\\\/sgl-online.ch\\\/it\\\/25-maerz-2022-tagung-und-mitgliederversammlung\\\/#respond\"]}]},{\"@type\":\"WebPage\",\"@id\":\"https:\\\/\\\/sgl-online.ch\\\/it\\\/25-maerz-2022-tagung-und-mitgliederversammlung\\\/\",\"url\":\"https:\\\/\\\/sgl-online.ch\\\/it\\\/25-maerz-2022-tagung-und-mitgliederversammlung\\\/\",\"name\":\"25. M\u00e4rz 2022, Tagung und Mitgliederversammlung - SGL\",\"isPartOf\":{\"@id\":\"https:\\\/\\\/sgl-online.ch\\\/it\\\/#website\"},\"primaryImageOfPage\":{\"@id\":\"https:\\\/\\\/sgl-online.ch\\\/it\\\/25-maerz-2022-tagung-und-mitgliederversammlung\\\/#primaryimage\"},\"image\":{\"@id\":\"https:\\\/\\\/sgl-online.ch\\\/it\\\/25-maerz-2022-tagung-und-mitgliederversammlung\\\/#primaryimage\"},\"thumbnailUrl\":\"https:\\\/\\\/sgl-online.ch\\\/wp-content\\\/uploads\\\/2021\\\/09\\\/istockphoto-1166777810-1024x1024-1.jpg\",\"datePublished\":\"2021-11-03T07:05:19+00:00\",\"dateModified\":\"2021-11-04T01:08:12+00:00\",\"breadcrumb\":{\"@id\":\"https:\\\/\\\/sgl-online.ch\\\/it\\\/25-maerz-2022-tagung-und-mitgliederversammlung\\\/#breadcrumb\"},\"inLanguage\":\"it-IT\",\"potentialAction\":[{\"@type\":\"ReadAction\",\"target\":[\"https:\\\/\\\/sgl-online.ch\\\/it\\\/25-maerz-2022-tagung-und-mitgliederversammlung\\\/\"]}]},{\"@type\":\"ImageObject\",\"inLanguage\":\"it-IT\",\"@id\":\"https:\\\/\\\/sgl-online.ch\\\/it\\\/25-maerz-2022-tagung-und-mitgliederversammlung\\\/#primaryimage\",\"url\":\"https:\\\/\\\/sgl-online.ch\\\/wp-content\\\/uploads\\\/2021\\\/09\\\/istockphoto-1166777810-1024x1024-1.jpg\",\"contentUrl\":\"https:\\\/\\\/sgl-online.ch\\\/wp-content\\\/uploads\\\/2021\\\/09\\\/istockphoto-1166777810-1024x1024-1.jpg\",\"width\":1620,\"height\":1080,\"caption\":\"Sprint competition on running track. Finish line low angle view.\"},{\"@type\":\"BreadcrumbList\",\"@id\":\"https:\\\/\\\/sgl-online.ch\\\/it\\\/25-maerz-2022-tagung-und-mitgliederversammlung\\\/#breadcrumb\",\"itemListElement\":[{\"@type\":\"ListItem\",\"position\":1,\"name\":\"Home\",\"item\":\"https:\\\/\\\/sgl-online.ch\\\/it\\\/\"},{\"@type\":\"ListItem\",\"position\":2,\"name\":\"25. M\u00e4rz 2022, Tagung und Mitgliederversammlung\"}]},{\"@type\":\"WebSite\",\"@id\":\"https:\\\/\\\/sgl-online.ch\\\/it\\\/#website\",\"url\":\"https:\\\/\\\/sgl-online.ch\\\/it\\\/\",\"name\":\"SGL\",\"description\":\"\",\"publisher\":{\"@id\":\"https:\\\/\\\/sgl-online.ch\\\/it\\\/#organization\"},\"potentialAction\":[{\"@type\":\"SearchAction\",\"target\":{\"@type\":\"EntryPoint\",\"urlTemplate\":\"https:\\\/\\\/sgl-online.ch\\\/it\\\/?s={search_term_string}\"},\"query-input\":{\"@type\":\"PropertyValueSpecification\",\"valueRequired\":true,\"valueName\":\"search_term_string\"}}],\"inLanguage\":\"it-IT\"},{\"@type\":\"Organization\",\"@id\":\"https:\\\/\\\/sgl-online.ch\\\/it\\\/#organization\",\"name\":\"SGL\",\"url\":\"https:\\\/\\\/sgl-online.ch\\\/it\\\/\",\"logo\":{\"@type\":\"ImageObject\",\"inLanguage\":\"it-IT\",\"@id\":\"https:\\\/\\\/sgl-online.ch\\\/it\\\/#\\\/schema\\\/logo\\\/image\\\/\",\"url\":\"https:\\\/\\\/sgl-online.ch\\\/wp-content\\\/uploads\\\/2021\\\/05\\\/logo.png\",\"contentUrl\":\"https:\\\/\\\/sgl-online.ch\\\/wp-content\\\/uploads\\\/2021\\\/05\\\/logo.png\",\"width\":1366,\"height\":150,\"caption\":\"SGL\"},\"image\":{\"@id\":\"https:\\\/\\\/sgl-online.ch\\\/it\\\/#\\\/schema\\\/logo\\\/image\\\/\"}},{\"@type\":\"Person\",\"@id\":\"https:\\\/\\\/sgl-online.ch\\\/it\\\/#\\\/schema\\\/person\\\/b3c75981a941d68cb9e7bf05cc70ddf6\",\"name\":\"SGL\",\"image\":{\"@type\":\"ImageObject\",\"inLanguage\":\"it-IT\",\"@id\":\"https:\\\/\\\/secure.gravatar.com\\\/avatar\\\/75ee4cf138a52677b3b44c19747a19edbee715a5f6d0d75951895f2fe57c2a38?s=96&d=mm&r=gaff1e5e5b1d2148591cc14adedbe7d8a\",\"url\":\"https:\\\/\\\/secure.gravatar.com\\\/avatar\\\/75ee4cf138a52677b3b44c19747a19edbee715a5f6d0d75951895f2fe57c2a38?s=96&d=mm&r=g\",\"contentUrl\":\"https:\\\/\\\/secure.gravatar.com\\\/avatar\\\/75ee4cf138a52677b3b44c19747a19edbee715a5f6d0d75951895f2fe57c2a38?s=96&d=mm&r=g\",\"caption\":\"SGL\"}}]}<\/script>\n<!-- \/ Yoast SEO plugin. -->","yoast_head_json":{"title":"25. M\u00e4rz 2022, Tagung und Mitgliederversammlung - SGL","robots":{"index":"index","follow":"follow","max-snippet":"max-snippet:-1","max-image-preview":"max-image-preview:large","max-video-preview":"max-video-preview:-1"},"canonical":"https:\/\/sgl-online.ch\/it\/25-maerz-2022-tagung-und-mitgliederversammlung\/","og_locale":"it_IT","og_type":"article","og_title":"25. M\u00e4rz 2022, Tagung und Mitgliederversammlung - SGL","og_url":"https:\/\/sgl-online.ch\/it\/25-maerz-2022-tagung-und-mitgliederversammlung\/","og_site_name":"SGL","article_published_time":"2021-11-03T07:05:19+00:00","article_modified_time":"2021-11-04T01:08:12+00:00","og_image":[{"width":1620,"height":1080,"url":"https:\/\/sgl-online.ch\/wp-content\/uploads\/2021\/09\/istockphoto-1166777810-1024x1024-1.jpg","type":"image\/jpeg"}],"author":"SGL","twitter_card":"summary_large_image","twitter_misc":{"Scritto da":"SGL","Tempo di lettura stimato":"1 minuto"},"schema":{"@context":"https:\/\/schema.org","@graph":[{"@type":"Article","@id":"https:\/\/sgl-online.ch\/it\/25-maerz-2022-tagung-und-mitgliederversammlung\/#article","isPartOf":{"@id":"https:\/\/sgl-online.ch\/it\/25-maerz-2022-tagung-und-mitgliederversammlung\/"},"author":{"name":"SGL","@id":"https:\/\/sgl-online.ch\/it\/#\/schema\/person\/b3c75981a941d68cb9e7bf05cc70ddf6"},"headline":"25. M\u00e4rz 2022, Tagung und Mitgliederversammlung","datePublished":"2021-11-03T07:05:19+00:00","dateModified":"2021-11-04T01:08:12+00:00","mainEntityOfPage":{"@id":"https:\/\/sgl-online.ch\/it\/25-maerz-2022-tagung-und-mitgliederversammlung\/"},"wordCount":284,"commentCount":0,"publisher":{"@id":"https:\/\/sgl-online.ch\/it\/#organization"},"image":{"@id":"https:\/\/sgl-online.ch\/it\/25-maerz-2022-tagung-und-mitgliederversammlung\/#primaryimage"},"thumbnailUrl":"https:\/\/sgl-online.ch\/wp-content\/uploads\/2021\/09\/istockphoto-1166777810-1024x1024-1.jpg","articleSection":["Aktuelles","Featured"],"inLanguage":"it-IT","potentialAction":[{"@type":"CommentAction","name":"Comment","target":["https:\/\/sgl-online.ch\/it\/25-maerz-2022-tagung-und-mitgliederversammlung\/#respond"]}]},{"@type":"WebPage","@id":"https:\/\/sgl-online.ch\/it\/25-maerz-2022-tagung-und-mitgliederversammlung\/","url":"https:\/\/sgl-online.ch\/it\/25-maerz-2022-tagung-und-mitgliederversammlung\/","name":"25. M\u00e4rz 2022, Tagung und Mitgliederversammlung - SGL","isPartOf":{"@id":"https:\/\/sgl-online.ch\/it\/#website"},"primaryImageOfPage":{"@id":"https:\/\/sgl-online.ch\/it\/25-maerz-2022-tagung-und-mitgliederversammlung\/#primaryimage"},"image":{"@id":"https:\/\/sgl-online.ch\/it\/25-maerz-2022-tagung-und-mitgliederversammlung\/#primaryimage"},"thumbnailUrl":"https:\/\/sgl-online.ch\/wp-content\/uploads\/2021\/09\/istockphoto-1166777810-1024x1024-1.jpg","datePublished":"2021-11-03T07:05:19+00:00","dateModified":"2021-11-04T01:08:12+00:00","breadcrumb":{"@id":"https:\/\/sgl-online.ch\/it\/25-maerz-2022-tagung-und-mitgliederversammlung\/#breadcrumb"},"inLanguage":"it-IT","potentialAction":[{"@type":"ReadAction","target":["https:\/\/sgl-online.ch\/it\/25-maerz-2022-tagung-und-mitgliederversammlung\/"]}]},{"@type":"ImageObject","inLanguage":"it-IT","@id":"https:\/\/sgl-online.ch\/it\/25-maerz-2022-tagung-und-mitgliederversammlung\/#primaryimage","url":"https:\/\/sgl-online.ch\/wp-content\/uploads\/2021\/09\/istockphoto-1166777810-1024x1024-1.jpg","contentUrl":"https:\/\/sgl-online.ch\/wp-content\/uploads\/2021\/09\/istockphoto-1166777810-1024x1024-1.jpg","width":1620,"height":1080,"caption":"Sprint competition on running track. Finish line low angle view."},{"@type":"BreadcrumbList","@id":"https:\/\/sgl-online.ch\/it\/25-maerz-2022-tagung-und-mitgliederversammlung\/#breadcrumb","itemListElement":[{"@type":"ListItem","position":1,"name":"Home","item":"https:\/\/sgl-online.ch\/it\/"},{"@type":"ListItem","position":2,"name":"25. M\u00e4rz 2022, Tagung und Mitgliederversammlung"}]},{"@type":"WebSite","@id":"https:\/\/sgl-online.ch\/it\/#website","url":"https:\/\/sgl-online.ch\/it\/","name":"SGL","description":"","publisher":{"@id":"https:\/\/sgl-online.ch\/it\/#organization"},"potentialAction":[{"@type":"SearchAction","target":{"@type":"EntryPoint","urlTemplate":"https:\/\/sgl-online.ch\/it\/?s={search_term_string}"},"query-input":{"@type":"PropertyValueSpecification","valueRequired":true,"valueName":"search_term_string"}}],"inLanguage":"it-IT"},{"@type":"Organization","@id":"https:\/\/sgl-online.ch\/it\/#organization","name":"SGL","url":"https:\/\/sgl-online.ch\/it\/","logo":{"@type":"ImageObject","inLanguage":"it-IT","@id":"https:\/\/sgl-online.ch\/it\/#\/schema\/logo\/image\/","url":"https:\/\/sgl-online.ch\/wp-content\/uploads\/2021\/05\/logo.png","contentUrl":"https:\/\/sgl-online.ch\/wp-content\/uploads\/2021\/05\/logo.png","width":1366,"height":150,"caption":"SGL"},"image":{"@id":"https:\/\/sgl-online.ch\/it\/#\/schema\/logo\/image\/"}},{"@type":"Person","@id":"https:\/\/sgl-online.ch\/it\/#\/schema\/person\/b3c75981a941d68cb9e7bf05cc70ddf6","name":"SGL","image":{"@type":"ImageObject","inLanguage":"it-IT","@id":"https:\/\/secure.gravatar.com\/avatar\/75ee4cf138a52677b3b44c19747a19edbee715a5f6d0d75951895f2fe57c2a38?s=96&d=mm&r=gaff1e5e5b1d2148591cc14adedbe7d8a","url":"https:\/\/secure.gravatar.com\/avatar\/75ee4cf138a52677b3b44c19747a19edbee715a5f6d0d75951895f2fe57c2a38?s=96&d=mm&r=g","contentUrl":"https:\/\/secure.gravatar.com\/avatar\/75ee4cf138a52677b3b44c19747a19edbee715a5f6d0d75951895f2fe57c2a38?s=96&d=mm&r=g","caption":"SGL"}}]}},"authors":[{"term_id":159,"user_id":2,"is_guest":0,"slug":"sgl_online_admin","display_name":"SGL","avatar_url":"https:\/\/secure.gravatar.com\/avatar\/75ee4cf138a52677b3b44c19747a19edbee715a5f6d0d75951895f2fe57c2a38?s=96&d=mm&r=g","0":null,"1":"","2":"","3":"","4":"","5":"","6":"","7":"","8":""}],"_links":{"self":[{"href":"https:\/\/sgl-online.ch\/it\/wp-json\/wp\/v2\/posts\/3387","targetHints":{"allow":["GET"]}}],"collection":[{"href":"https:\/\/sgl-online.ch\/it\/wp-json\/wp\/v2\/posts"}],"about":[{"href":"https:\/\/sgl-online.ch\/it\/wp-json\/wp\/v2\/types\/post"}],"author":[{"embeddable":true,"href":"https:\/\/sgl-online.ch\/it\/wp-json\/wp\/v2\/users\/2"}],"replies":[{"embeddable":true,"href":"https:\/\/sgl-online.ch\/it\/wp-json\/wp\/v2\/comments?post=3387"}],"version-history":[{"count":2,"href":"https:\/\/sgl-online.ch\/it\/wp-json\/wp\/v2\/posts\/3387\/revisions"}],"predecessor-version":[{"id":4890,"href":"https:\/\/sgl-online.ch\/it\/wp-json\/wp\/v2\/posts\/3387\/revisions\/4890"}],"wp:featuredmedia":[{"embeddable":true,"href":"https:\/\/sgl-online.ch\/it\/wp-json\/wp\/v2\/media\/3666"}],"wp:attachment":[{"href":"https:\/\/sgl-online.ch\/it\/wp-json\/wp\/v2\/media?parent=3387"}],"wp:term":[{"taxonomy":"category","embeddable":true,"href":"https:\/\/sgl-online.ch\/it\/wp-json\/wp\/v2\/categories?post=3387"},{"taxonomy":"post_tag","embeddable":true,"href":"https:\/\/sgl-online.ch\/it\/wp-json\/wp\/v2\/tags?post=3387"},{"taxonomy":"author","embeddable":true,"href":"https:\/\/sgl-online.ch\/it\/wp-json\/wp\/v2\/ppma_author?post=3387"}],"curies":[{"name":"wp","href":"https:\/\/api.w.org\/{rel}","templated":true}]}}