{"id":9486,"date":"2025-04-04T14:03:17","date_gmt":"2025-04-04T14:03:17","guid":{"rendered":"https:\/\/sgl-online.ch\/?p=9486"},"modified":"2025-04-04T14:03:59","modified_gmt":"2025-04-04T14:03:59","slug":"lancement-en-fanfare-du-prix-suisse-de-lenseignement-initiale","status":"publish","type":"post","link":"https:\/\/sgl-online.ch\/fr\/lancement-en-fanfare-du-prix-suisse-de-lenseignement-initiale\/","title":{"rendered":"Lancement en fanfare du prix suisse de l&rsquo;enseignement INITIALE"},"content":{"rendered":"<p>Lors de l&rsquo;assembl\u00e9e g\u00e9n\u00e9rale de la Soci\u00e9t\u00e9 suisse pour la formation des enseignantes et des enseignants (SSFE) de cette ann\u00e9e, le Prix suisse de l&rsquo;enseignement \u00ab INITIALE \u00bb a \u00e9t\u00e9 d\u00e9cern\u00e9 pour la premi\u00e8re fois. Cette distinction, destin\u00e9e aux collaborateurs et collaboratrices de la formation des enseignantes et enseignants, a r\u00e9compens\u00e9 un projet d&rsquo;enseignement particuli\u00e8rement innovant de la Haute \u00e9cole p\u00e9dagogique de Thurgovie (PHTG). Outre la remise du Prix suisse de l&rsquo;enseignement, la nouvelle co-pr\u00e9sidence de la SSFE a \u00e9t\u00e9 \u00e9lue.<\/p>\n<p><span style=\"color: #3366ff;\"><a style=\"color: #3366ff;\" href=\"https:\/\/sgl-online.ch\/wp-content\/uploads\/2025\/04\/250404-MeMi-INITIALE_fr.pdf\" target=\"_blank\" rel=\"noopener\">&gt; Communiqu\u00e9<\/a><\/span><\/p>\n<p><em>\u00abFoto Siegerprojekt\u00bb (de gauche \u00e0 droite) : Bj\u00f6rn Maurer, Daniel Sauter, Nicole Eilinger, Dominik Hagen, Jessica Widmer (\u00e9tudiante) Vilma Salvatore (\u00e9tudiante), manque Lars Nessensohn (tous de la Haute \u00e9cole p\u00e9dagogique de Thurgovie):<\/em><\/p>\n<p><img loading=\"lazy\" decoding=\"async\" class=\"size-full wp-image-9458\" src=\"https:\/\/sgl-online.ch\/wp-content\/uploads\/2025\/04\/Foto-Siegerprojekt-scaled.jpg\" alt=\"\" width=\"1440\" height=\"1080\" srcset=\"https:\/\/sgl-online.ch\/wp-content\/uploads\/2025\/04\/Foto-Siegerprojekt-200x150.jpg 200w, https:\/\/sgl-online.ch\/wp-content\/uploads\/2025\/04\/Foto-Siegerprojekt-300x225.jpg 300w, https:\/\/sgl-online.ch\/wp-content\/uploads\/2025\/04\/Foto-Siegerprojekt-400x300.jpg 400w, https:\/\/sgl-online.ch\/wp-content\/uploads\/2025\/04\/Foto-Siegerprojekt-600x450.jpg 600w, https:\/\/sgl-online.ch\/wp-content\/uploads\/2025\/04\/Foto-Siegerprojekt-768x576.jpg 768w, https:\/\/sgl-online.ch\/wp-content\/uploads\/2025\/04\/Foto-Siegerprojekt-800x600.jpg 800w, https:\/\/sgl-online.ch\/wp-content\/uploads\/2025\/04\/Foto-Siegerprojekt-1024x768.jpg 1024w, https:\/\/sgl-online.ch\/wp-content\/uploads\/2025\/04\/Foto-Siegerprojekt-1200x900.jpg 1200w, https:\/\/sgl-online.ch\/wp-content\/uploads\/2025\/04\/Foto-Siegerprojekt-scaled.jpg 1440w\" sizes=\"auto, (max-width: 1440px) 100vw, 1440px\" \/><\/p>\n<p>&nbsp;<\/p>\n<p><em>\u00abPr\u00e4sidium neu\u00bb (de gauche \u00e0 droite) : Martin Adam (directeur), Dorothee Brovelli (d\u00e9l\u00e9gu\u00e9e BzL, contributions \u00e0 la formation des enseignantes et enseignants), Markus Weil, Annelies Kreis, Benita Affolter (membres du comit\u00e9), Marina Grgic (copr\u00e9sidence), Rolf Bossart (membre du comit\u00e9), Monika T. Wicki (co-pr\u00e9sidence), Daniela Freisler-M\u00fchlemann, Michael J\u00f6hr, Christelle Hayoz (membres du comit\u00e9):<\/em><\/p>\n<p><img loading=\"lazy\" decoding=\"async\" class=\"alignnone size-full wp-image-9464\" src=\"https:\/\/sgl-online.ch\/wp-content\/uploads\/2025\/04\/Praesidium-neu-scaled.jpg\" alt=\"\" width=\"1918\" height=\"1080\" srcset=\"https:\/\/sgl-online.ch\/wp-content\/uploads\/2025\/04\/Praesidium-neu-200x113.jpg 200w, https:\/\/sgl-online.ch\/wp-content\/uploads\/2025\/04\/Praesidium-neu-300x169.jpg 300w, https:\/\/sgl-online.ch\/wp-content\/uploads\/2025\/04\/Praesidium-neu-400x225.jpg 400w, https:\/\/sgl-online.ch\/wp-content\/uploads\/2025\/04\/Praesidium-neu-600x338.jpg 600w, https:\/\/sgl-online.ch\/wp-content\/uploads\/2025\/04\/Praesidium-neu-768x432.jpg 768w, https:\/\/sgl-online.ch\/wp-content\/uploads\/2025\/04\/Praesidium-neu-800x450.jpg 800w, https:\/\/sgl-online.ch\/wp-content\/uploads\/2025\/04\/Praesidium-neu-1024x576.jpg 1024w, https:\/\/sgl-online.ch\/wp-content\/uploads\/2025\/04\/Praesidium-neu-1200x675.jpg 1200w, https:\/\/sgl-online.ch\/wp-content\/uploads\/2025\/04\/Praesidium-neu-1536x864.jpg 1536w, https:\/\/sgl-online.ch\/wp-content\/uploads\/2025\/04\/Praesidium-neu-scaled.jpg 1918w\" sizes=\"auto, (max-width: 1918px) 100vw, 1918px\" \/><\/p>\n<p>&nbsp;<\/p>\n","protected":false},"excerpt":{"rendered":"<p>Lors de l&rsquo;assembl\u00e9e g\u00e9n\u00e9rale de la Soci\u00e9t\u00e9 suisse pour la <a href=\"https:\/\/sgl-online.ch\/fr\/lancement-en-fanfare-du-prix-suisse-de-lenseignement-initiale\/\"> . . .<\/a><\/p>\n","protected":false},"author":2,"featured_media":8320,"comment_status":"closed","ping_status":"closed","sticky":false,"template":"","format":"standard","meta":{"_acf_changed":false,"footnotes":""},"categories":[61,121],"tags":[],"ppma_author":[159],"class_list":["post-9486","post","type-post","status-publish","format-standard","has-post-thumbnail","hentry","category-aktuelles-fr","category-formation-continue"],"acf":[],"yoast_head":"<!-- This site is optimized with the Yoast SEO plugin v27.4 - https:\/\/yoast.com\/product\/yoast-seo-wordpress\/ -->\n<title>Lancement en fanfare du prix suisse de l&#039;enseignement INITIALE - SGL<\/title>\n<meta name=\"robots\" content=\"index, follow, max-snippet:-1, max-image-preview:large, max-video-preview:-1\" \/>\n<link rel=\"canonical\" href=\"https:\/\/sgl-online.ch\/fr\/lancement-en-fanfare-du-prix-suisse-de-lenseignement-initiale\/\" \/>\n<meta property=\"og:locale\" content=\"fr_FR\" \/>\n<meta property=\"og:type\" content=\"article\" \/>\n<meta property=\"og:title\" content=\"Lancement en fanfare du prix suisse de l&#039;enseignement INITIALE - SGL\" \/>\n<meta property=\"og:description\" content=\"Lors de l&rsquo;assembl\u00e9e g\u00e9n\u00e9rale de la Soci\u00e9t\u00e9 suisse pour la . . .\" \/>\n<meta property=\"og:url\" content=\"https:\/\/sgl-online.ch\/fr\/lancement-en-fanfare-du-prix-suisse-de-lenseignement-initiale\/\" \/>\n<meta property=\"og:site_name\" content=\"SGL\" \/>\n<meta property=\"article:published_time\" content=\"2025-04-04T14:03:17+00:00\" \/>\n<meta property=\"article:modified_time\" content=\"2025-04-04T14:03:59+00:00\" \/>\n<meta property=\"og:image\" content=\"https:\/\/sgl-online.ch\/wp-content\/uploads\/2024\/04\/screenshot-flyer-NEU.jpg\" \/>\n\t<meta property=\"og:image:width\" content=\"582\" \/>\n\t<meta property=\"og:image:height\" content=\"591\" \/>\n\t<meta property=\"og:image:type\" content=\"image\/jpeg\" \/>\n<meta name=\"author\" content=\"SGL\" \/>\n<meta name=\"twitter:card\" content=\"summary_large_image\" \/>\n<meta name=\"twitter:label1\" content=\"\u00c9crit par\" \/>\n\t<meta name=\"twitter:data1\" content=\"SGL\" \/>\n\t<meta name=\"twitter:label2\" content=\"Dur\u00e9e de lecture estim\u00e9e\" \/>\n\t<meta name=\"twitter:data2\" content=\"2 minutes\" \/>\n<script type=\"application\/ld+json\" class=\"yoast-schema-graph\">{\"@context\":\"https:\\\/\\\/schema.org\",\"@graph\":[{\"@type\":\"Article\",\"@id\":\"https:\\\/\\\/sgl-online.ch\\\/fr\\\/lancement-en-fanfare-du-prix-suisse-de-lenseignement-initiale\\\/#article\",\"isPartOf\":{\"@id\":\"https:\\\/\\\/sgl-online.ch\\\/fr\\\/lancement-en-fanfare-du-prix-suisse-de-lenseignement-initiale\\\/\"},\"author\":{\"name\":\"SGL\",\"@id\":\"https:\\\/\\\/sgl-online.ch\\\/fr\\\/#\\\/schema\\\/person\\\/b3c75981a941d68cb9e7bf05cc70ddf6\"},\"headline\":\"Lancement en fanfare du prix suisse de l&rsquo;enseignement INITIALE\",\"datePublished\":\"2025-04-04T14:03:17+00:00\",\"dateModified\":\"2025-04-04T14:03:59+00:00\",\"mainEntityOfPage\":{\"@id\":\"https:\\\/\\\/sgl-online.ch\\\/fr\\\/lancement-en-fanfare-du-prix-suisse-de-lenseignement-initiale\\\/\"},\"wordCount\":198,\"publisher\":{\"@id\":\"https:\\\/\\\/sgl-online.ch\\\/fr\\\/#organization\"},\"image\":{\"@id\":\"https:\\\/\\\/sgl-online.ch\\\/fr\\\/lancement-en-fanfare-du-prix-suisse-de-lenseignement-initiale\\\/#primaryimage\"},\"thumbnailUrl\":\"https:\\\/\\\/sgl-online.ch\\\/wp-content\\\/uploads\\\/2024\\\/04\\\/screenshot-flyer-NEU.jpg\",\"articleSection\":[\"Aktuelles\",\"L\u2019attention \u00e0 l\u2019\u00e9cole et en formation\"],\"inLanguage\":\"fr-FR\"},{\"@type\":\"WebPage\",\"@id\":\"https:\\\/\\\/sgl-online.ch\\\/fr\\\/lancement-en-fanfare-du-prix-suisse-de-lenseignement-initiale\\\/\",\"url\":\"https:\\\/\\\/sgl-online.ch\\\/fr\\\/lancement-en-fanfare-du-prix-suisse-de-lenseignement-initiale\\\/\",\"name\":\"Lancement en fanfare du prix suisse de l'enseignement INITIALE - SGL\",\"isPartOf\":{\"@id\":\"https:\\\/\\\/sgl-online.ch\\\/fr\\\/#website\"},\"primaryImageOfPage\":{\"@id\":\"https:\\\/\\\/sgl-online.ch\\\/fr\\\/lancement-en-fanfare-du-prix-suisse-de-lenseignement-initiale\\\/#primaryimage\"},\"image\":{\"@id\":\"https:\\\/\\\/sgl-online.ch\\\/fr\\\/lancement-en-fanfare-du-prix-suisse-de-lenseignement-initiale\\\/#primaryimage\"},\"thumbnailUrl\":\"https:\\\/\\\/sgl-online.ch\\\/wp-content\\\/uploads\\\/2024\\\/04\\\/screenshot-flyer-NEU.jpg\",\"datePublished\":\"2025-04-04T14:03:17+00:00\",\"dateModified\":\"2025-04-04T14:03:59+00:00\",\"breadcrumb\":{\"@id\":\"https:\\\/\\\/sgl-online.ch\\\/fr\\\/lancement-en-fanfare-du-prix-suisse-de-lenseignement-initiale\\\/#breadcrumb\"},\"inLanguage\":\"fr-FR\",\"potentialAction\":[{\"@type\":\"ReadAction\",\"target\":[\"https:\\\/\\\/sgl-online.ch\\\/fr\\\/lancement-en-fanfare-du-prix-suisse-de-lenseignement-initiale\\\/\"]}]},{\"@type\":\"ImageObject\",\"inLanguage\":\"fr-FR\",\"@id\":\"https:\\\/\\\/sgl-online.ch\\\/fr\\\/lancement-en-fanfare-du-prix-suisse-de-lenseignement-initiale\\\/#primaryimage\",\"url\":\"https:\\\/\\\/sgl-online.ch\\\/wp-content\\\/uploads\\\/2024\\\/04\\\/screenshot-flyer-NEU.jpg\",\"contentUrl\":\"https:\\\/\\\/sgl-online.ch\\\/wp-content\\\/uploads\\\/2024\\\/04\\\/screenshot-flyer-NEU.jpg\",\"width\":582,\"height\":591},{\"@type\":\"BreadcrumbList\",\"@id\":\"https:\\\/\\\/sgl-online.ch\\\/fr\\\/lancement-en-fanfare-du-prix-suisse-de-lenseignement-initiale\\\/#breadcrumb\",\"itemListElement\":[{\"@type\":\"ListItem\",\"position\":1,\"name\":\"Home\",\"item\":\"https:\\\/\\\/sgl-online.ch\\\/fr\\\/\"},{\"@type\":\"ListItem\",\"position\":2,\"name\":\"Lancement en fanfare du prix suisse de l&#8217;enseignement INITIALE\"}]},{\"@type\":\"WebSite\",\"@id\":\"https:\\\/\\\/sgl-online.ch\\\/fr\\\/#website\",\"url\":\"https:\\\/\\\/sgl-online.ch\\\/fr\\\/\",\"name\":\"SGL\",\"description\":\"\",\"publisher\":{\"@id\":\"https:\\\/\\\/sgl-online.ch\\\/fr\\\/#organization\"},\"potentialAction\":[{\"@type\":\"SearchAction\",\"target\":{\"@type\":\"EntryPoint\",\"urlTemplate\":\"https:\\\/\\\/sgl-online.ch\\\/fr\\\/?s={search_term_string}\"},\"query-input\":{\"@type\":\"PropertyValueSpecification\",\"valueRequired\":true,\"valueName\":\"search_term_string\"}}],\"inLanguage\":\"fr-FR\"},{\"@type\":\"Organization\",\"@id\":\"https:\\\/\\\/sgl-online.ch\\\/fr\\\/#organization\",\"name\":\"SGL\",\"url\":\"https:\\\/\\\/sgl-online.ch\\\/fr\\\/\",\"logo\":{\"@type\":\"ImageObject\",\"inLanguage\":\"fr-FR\",\"@id\":\"https:\\\/\\\/sgl-online.ch\\\/fr\\\/#\\\/schema\\\/logo\\\/image\\\/\",\"url\":\"https:\\\/\\\/sgl-online.ch\\\/wp-content\\\/uploads\\\/2021\\\/05\\\/logo.png\",\"contentUrl\":\"https:\\\/\\\/sgl-online.ch\\\/wp-content\\\/uploads\\\/2021\\\/05\\\/logo.png\",\"width\":1366,\"height\":150,\"caption\":\"SGL\"},\"image\":{\"@id\":\"https:\\\/\\\/sgl-online.ch\\\/fr\\\/#\\\/schema\\\/logo\\\/image\\\/\"}},{\"@type\":\"Person\",\"@id\":\"https:\\\/\\\/sgl-online.ch\\\/fr\\\/#\\\/schema\\\/person\\\/b3c75981a941d68cb9e7bf05cc70ddf6\",\"name\":\"SGL\",\"image\":{\"@type\":\"ImageObject\",\"inLanguage\":\"fr-FR\",\"@id\":\"https:\\\/\\\/secure.gravatar.com\\\/avatar\\\/75ee4cf138a52677b3b44c19747a19edbee715a5f6d0d75951895f2fe57c2a38?s=96&d=mm&r=gaff1e5e5b1d2148591cc14adedbe7d8a\",\"url\":\"https:\\\/\\\/secure.gravatar.com\\\/avatar\\\/75ee4cf138a52677b3b44c19747a19edbee715a5f6d0d75951895f2fe57c2a38?s=96&d=mm&r=g\",\"contentUrl\":\"https:\\\/\\\/secure.gravatar.com\\\/avatar\\\/75ee4cf138a52677b3b44c19747a19edbee715a5f6d0d75951895f2fe57c2a38?s=96&d=mm&r=g\",\"caption\":\"SGL\"}}]}<\/script>\n<!-- \/ Yoast SEO plugin. -->","yoast_head_json":{"title":"Lancement en fanfare du prix suisse de l'enseignement INITIALE - SGL","robots":{"index":"index","follow":"follow","max-snippet":"max-snippet:-1","max-image-preview":"max-image-preview:large","max-video-preview":"max-video-preview:-1"},"canonical":"https:\/\/sgl-online.ch\/fr\/lancement-en-fanfare-du-prix-suisse-de-lenseignement-initiale\/","og_locale":"fr_FR","og_type":"article","og_title":"Lancement en fanfare du prix suisse de l'enseignement INITIALE - SGL","og_description":"Lors de l&rsquo;assembl\u00e9e g\u00e9n\u00e9rale de la Soci\u00e9t\u00e9 suisse pour la . . .","og_url":"https:\/\/sgl-online.ch\/fr\/lancement-en-fanfare-du-prix-suisse-de-lenseignement-initiale\/","og_site_name":"SGL","article_published_time":"2025-04-04T14:03:17+00:00","article_modified_time":"2025-04-04T14:03:59+00:00","og_image":[{"width":582,"height":591,"url":"https:\/\/sgl-online.ch\/wp-content\/uploads\/2024\/04\/screenshot-flyer-NEU.jpg","type":"image\/jpeg"}],"author":"SGL","twitter_card":"summary_large_image","twitter_misc":{"\u00c9crit par":"SGL","Dur\u00e9e de lecture estim\u00e9e":"2 minutes"},"schema":{"@context":"https:\/\/schema.org","@graph":[{"@type":"Article","@id":"https:\/\/sgl-online.ch\/fr\/lancement-en-fanfare-du-prix-suisse-de-lenseignement-initiale\/#article","isPartOf":{"@id":"https:\/\/sgl-online.ch\/fr\/lancement-en-fanfare-du-prix-suisse-de-lenseignement-initiale\/"},"author":{"name":"SGL","@id":"https:\/\/sgl-online.ch\/fr\/#\/schema\/person\/b3c75981a941d68cb9e7bf05cc70ddf6"},"headline":"Lancement en fanfare du prix suisse de l&rsquo;enseignement INITIALE","datePublished":"2025-04-04T14:03:17+00:00","dateModified":"2025-04-04T14:03:59+00:00","mainEntityOfPage":{"@id":"https:\/\/sgl-online.ch\/fr\/lancement-en-fanfare-du-prix-suisse-de-lenseignement-initiale\/"},"wordCount":198,"publisher":{"@id":"https:\/\/sgl-online.ch\/fr\/#organization"},"image":{"@id":"https:\/\/sgl-online.ch\/fr\/lancement-en-fanfare-du-prix-suisse-de-lenseignement-initiale\/#primaryimage"},"thumbnailUrl":"https:\/\/sgl-online.ch\/wp-content\/uploads\/2024\/04\/screenshot-flyer-NEU.jpg","articleSection":["Aktuelles","L\u2019attention \u00e0 l\u2019\u00e9cole et en formation"],"inLanguage":"fr-FR"},{"@type":"WebPage","@id":"https:\/\/sgl-online.ch\/fr\/lancement-en-fanfare-du-prix-suisse-de-lenseignement-initiale\/","url":"https:\/\/sgl-online.ch\/fr\/lancement-en-fanfare-du-prix-suisse-de-lenseignement-initiale\/","name":"Lancement en fanfare du prix suisse de l'enseignement INITIALE - SGL","isPartOf":{"@id":"https:\/\/sgl-online.ch\/fr\/#website"},"primaryImageOfPage":{"@id":"https:\/\/sgl-online.ch\/fr\/lancement-en-fanfare-du-prix-suisse-de-lenseignement-initiale\/#primaryimage"},"image":{"@id":"https:\/\/sgl-online.ch\/fr\/lancement-en-fanfare-du-prix-suisse-de-lenseignement-initiale\/#primaryimage"},"thumbnailUrl":"https:\/\/sgl-online.ch\/wp-content\/uploads\/2024\/04\/screenshot-flyer-NEU.jpg","datePublished":"2025-04-04T14:03:17+00:00","dateModified":"2025-04-04T14:03:59+00:00","breadcrumb":{"@id":"https:\/\/sgl-online.ch\/fr\/lancement-en-fanfare-du-prix-suisse-de-lenseignement-initiale\/#breadcrumb"},"inLanguage":"fr-FR","potentialAction":[{"@type":"ReadAction","target":["https:\/\/sgl-online.ch\/fr\/lancement-en-fanfare-du-prix-suisse-de-lenseignement-initiale\/"]}]},{"@type":"ImageObject","inLanguage":"fr-FR","@id":"https:\/\/sgl-online.ch\/fr\/lancement-en-fanfare-du-prix-suisse-de-lenseignement-initiale\/#primaryimage","url":"https:\/\/sgl-online.ch\/wp-content\/uploads\/2024\/04\/screenshot-flyer-NEU.jpg","contentUrl":"https:\/\/sgl-online.ch\/wp-content\/uploads\/2024\/04\/screenshot-flyer-NEU.jpg","width":582,"height":591},{"@type":"BreadcrumbList","@id":"https:\/\/sgl-online.ch\/fr\/lancement-en-fanfare-du-prix-suisse-de-lenseignement-initiale\/#breadcrumb","itemListElement":[{"@type":"ListItem","position":1,"name":"Home","item":"https:\/\/sgl-online.ch\/fr\/"},{"@type":"ListItem","position":2,"name":"Lancement en fanfare du prix suisse de l&#8217;enseignement INITIALE"}]},{"@type":"WebSite","@id":"https:\/\/sgl-online.ch\/fr\/#website","url":"https:\/\/sgl-online.ch\/fr\/","name":"SGL","description":"","publisher":{"@id":"https:\/\/sgl-online.ch\/fr\/#organization"},"potentialAction":[{"@type":"SearchAction","target":{"@type":"EntryPoint","urlTemplate":"https:\/\/sgl-online.ch\/fr\/?s={search_term_string}"},"query-input":{"@type":"PropertyValueSpecification","valueRequired":true,"valueName":"search_term_string"}}],"inLanguage":"fr-FR"},{"@type":"Organization","@id":"https:\/\/sgl-online.ch\/fr\/#organization","name":"SGL","url":"https:\/\/sgl-online.ch\/fr\/","logo":{"@type":"ImageObject","inLanguage":"fr-FR","@id":"https:\/\/sgl-online.ch\/fr\/#\/schema\/logo\/image\/","url":"https:\/\/sgl-online.ch\/wp-content\/uploads\/2021\/05\/logo.png","contentUrl":"https:\/\/sgl-online.ch\/wp-content\/uploads\/2021\/05\/logo.png","width":1366,"height":150,"caption":"SGL"},"image":{"@id":"https:\/\/sgl-online.ch\/fr\/#\/schema\/logo\/image\/"}},{"@type":"Person","@id":"https:\/\/sgl-online.ch\/fr\/#\/schema\/person\/b3c75981a941d68cb9e7bf05cc70ddf6","name":"SGL","image":{"@type":"ImageObject","inLanguage":"fr-FR","@id":"https:\/\/secure.gravatar.com\/avatar\/75ee4cf138a52677b3b44c19747a19edbee715a5f6d0d75951895f2fe57c2a38?s=96&d=mm&r=gaff1e5e5b1d2148591cc14adedbe7d8a","url":"https:\/\/secure.gravatar.com\/avatar\/75ee4cf138a52677b3b44c19747a19edbee715a5f6d0d75951895f2fe57c2a38?s=96&d=mm&r=g","contentUrl":"https:\/\/secure.gravatar.com\/avatar\/75ee4cf138a52677b3b44c19747a19edbee715a5f6d0d75951895f2fe57c2a38?s=96&d=mm&r=g","caption":"SGL"}}]}},"authors":[{"term_id":159,"user_id":2,"is_guest":0,"slug":"sgl_online_admin","display_name":"SGL","avatar_url":"https:\/\/secure.gravatar.com\/avatar\/75ee4cf138a52677b3b44c19747a19edbee715a5f6d0d75951895f2fe57c2a38?s=96&d=mm&r=g","0":null,"1":"","2":"","3":"","4":"","5":"","6":"","7":"","8":""}],"_links":{"self":[{"href":"https:\/\/sgl-online.ch\/fr\/wp-json\/wp\/v2\/posts\/9486","targetHints":{"allow":["GET"]}}],"collection":[{"href":"https:\/\/sgl-online.ch\/fr\/wp-json\/wp\/v2\/posts"}],"about":[{"href":"https:\/\/sgl-online.ch\/fr\/wp-json\/wp\/v2\/types\/post"}],"author":[{"embeddable":true,"href":"https:\/\/sgl-online.ch\/fr\/wp-json\/wp\/v2\/users\/2"}],"replies":[{"embeddable":true,"href":"https:\/\/sgl-online.ch\/fr\/wp-json\/wp\/v2\/comments?post=9486"}],"version-history":[{"count":2,"href":"https:\/\/sgl-online.ch\/fr\/wp-json\/wp\/v2\/posts\/9486\/revisions"}],"predecessor-version":[{"id":9491,"href":"https:\/\/sgl-online.ch\/fr\/wp-json\/wp\/v2\/posts\/9486\/revisions\/9491"}],"wp:featuredmedia":[{"embeddable":true,"href":"https:\/\/sgl-online.ch\/fr\/wp-json\/wp\/v2\/media\/8320"}],"wp:attachment":[{"href":"https:\/\/sgl-online.ch\/fr\/wp-json\/wp\/v2\/media?parent=9486"}],"wp:term":[{"taxonomy":"category","embeddable":true,"href":"https:\/\/sgl-online.ch\/fr\/wp-json\/wp\/v2\/categories?post=9486"},{"taxonomy":"post_tag","embeddable":true,"href":"https:\/\/sgl-online.ch\/fr\/wp-json\/wp\/v2\/tags?post=9486"},{"taxonomy":"author","embeddable":true,"href":"https:\/\/sgl-online.ch\/fr\/wp-json\/wp\/v2\/ppma_author?post=9486"}],"curies":[{"name":"wp","href":"https:\/\/api.w.org\/{rel}","templated":true}]}}